{"id":13111,"date":"2026-01-05T11:25:30","date_gmt":"2026-01-05T11:25:30","guid":{"rendered":"https:\/\/ines.es\/?p=13111"},"modified":"2026-01-05T11:25:33","modified_gmt":"2026-01-05T11:25:33","slug":"ines-ingenieros-en-la-carrera-de-empresas-de-madrid-2025","status":"publish","type":"post","link":"https:\/\/ines.es\/es\/ines-ingenieros-en-la-carrera-de-empresas-de-madrid-2025\/","title":{"rendered":"INES Ingenieros en la Carrera de Empresas de Madrid 2025"},"content":{"rendered":"\n<figure class=\"wp-block-table\"><table class=\"has-fixed-layout\"><tbody><tr><td>La Carrera de Empresas de Madrid 2025 volvi\u00f3 a ser una gran oportunidad para que INES Ingenieros viviera una jornada deportiva \u00fanica, compartiendo un reto com\u00fan y reforzando la uni\u00f3n entre las personas que formamos la empresa.<br\/><br\/>Esta experiencia nos permite poner en valor el compromiso, la constancia, la colaboraci\u00f3n y la pasi\u00f3n por superarse, valores que nos acompa\u00f1an tanto en el deporte como en nuestro d\u00eda a d\u00eda profesional.<br\/><br\/>Gracias a todas las personas del equipo por representar a INES Ingenieros con tanta energ\u00eda, entusiasmo y esp\u00edritu de colaboraci\u00f3n.<\/td><\/tr><\/tbody><\/table><\/figure>\n","protected":false},"excerpt":{"rendered":"<p>La Carrera de Empresas de Madrid 2025 volvi\u00f3 a ser una gran oportunidad para que INES Ingenieros viviera una jornada deportiva \u00fanica, compartiendo un reto com\u00fan y reforzando la uni\u00f3n entre las personas que formamos la empresa. Esta experiencia nos permite poner en valor el compromiso, la constancia, la colaboraci\u00f3n y la pasi\u00f3n por superarse, [&hellip;]<\/p>\n","protected":false},"author":10,"featured_media":13109,"comment_status":"closed","ping_status":"closed","sticky":false,"template":"","format":"standard","meta":{"_acf_changed":false,"inline_featured_image":false,"footnotes":""},"categories":[95],"tags":[],"class_list":["post-13111","post","type-post","status-publish","format-standard","has-post-thumbnail","hentry","category-noticias-es"],"acf":[],"_links":{"self":[{"href":"https:\/\/ines.es\/es\/wp-json\/wp\/v2\/posts\/13111","targetHints":{"allow":["GET"]}}],"collection":[{"href":"https:\/\/ines.es\/es\/wp-json\/wp\/v2\/posts"}],"about":[{"href":"https:\/\/ines.es\/es\/wp-json\/wp\/v2\/types\/post"}],"author":[{"embeddable":true,"href":"https:\/\/ines.es\/es\/wp-json\/wp\/v2\/users\/10"}],"replies":[{"embeddable":true,"href":"https:\/\/ines.es\/es\/wp-json\/wp\/v2\/comments?post=13111"}],"version-history":[{"count":3,"href":"https:\/\/ines.es\/es\/wp-json\/wp\/v2\/posts\/13111\/revisions"}],"predecessor-version":[{"id":13114,"href":"https:\/\/ines.es\/es\/wp-json\/wp\/v2\/posts\/13111\/revisions\/13114"}],"wp:featuredmedia":[{"embeddable":true,"href":"https:\/\/ines.es\/es\/wp-json\/wp\/v2\/media\/13109"}],"wp:attachment":[{"href":"https:\/\/ines.es\/es\/wp-json\/wp\/v2\/media?parent=13111"}],"wp:term":[{"taxonomy":"category","embeddable":true,"href":"https:\/\/ines.es\/es\/wp-json\/wp\/v2\/categories?post=13111"},{"taxonomy":"post_tag","embeddable":true,"href":"https:\/\/ines.es\/es\/wp-json\/wp\/v2\/tags?post=13111"}],"curies":[{"name":"wp","href":"https:\/\/api.w.org\/{rel}","templated":true}]}}