{"id":13086,"date":"2025-12-18T08:55:56","date_gmt":"2025-12-18T08:55:56","guid":{"rendered":"https:\/\/ines.es\/rehabilitacion-y-adaptacion-sismica-de-la-citadelle-henry-patrimonio-de-la-humanidad\/"},"modified":"2025-12-18T08:56:35","modified_gmt":"2025-12-18T08:56:35","slug":"rehabilitacion-y-adaptacion-sismica-de-la-citadelle-henry-patrimonio-de-la-humanidad","status":"publish","type":"post","link":"https:\/\/ines.es\/es\/rehabilitacion-y-adaptacion-sismica-de-la-citadelle-henry-patrimonio-de-la-humanidad\/","title":{"rendered":"Rehabilitaci\u00f3n y adaptaci\u00f3n s\u00edsmica de la Citadelle Henry, Patrimonio de la Humanidad"},"content":{"rendered":"<p>Hoy recordamos el proyecto de rehabilitaci\u00f3n y adaptaci\u00f3n s\u00edsmica, as\u00ed como la adecuaci\u00f3n a nuevos usos tur\u00edsticos, de la Citadelle Henry, la fortaleza m\u00e1s grande de Am\u00e9rica y Patrimonio de la Humanidad desde 1982. Aprovechamos la ocasi\u00f3n para agradecer la colaboraci\u00f3n de nuestros colegas de WE Architects y Moun Studio, con quienes compartimos esta gran aventura.<\/p>\n<p>El video del proyecto puede visualizarse en el siguiente enlace: <a href=\"https:\/\/inesing-my.sharepoint.com\/:v:\/g\/personal\/dlo_inesingenieros_com\/IQB7M88pICS1TqckQBuyG8QWAdrb-vXX3AihP3DypetNbIk?e=g0FTbg\">http:\/\/INES VIDEO CITADELLE HENRY<\/a><\/p>\n<p>WE Architects:\u00a0<a href=\"https:\/\/wearchitects.es\/\">https:\/\/wearchitects.es\/<\/a><\/p>\n<p>Moun Studio: <a href=\"https:\/\/www.instagram.com\/mounstudio\/?hl=en\">https:\/\/www.instagram.com\/mounstudio\/?hl=en<\/a><\/p>\n<p><a target=\"_blank\" rel=\"noopener\"><br \/>\n<\/a><br \/>\n<a target=\"_blank\" rel=\"noopener\" aria-label=\"Facebook\"><br \/>\n<\/a><\/p>\n","protected":false},"excerpt":{"rendered":"<p>Hoy recordamos el proyecto de rehabilitaci\u00f3n y adaptaci\u00f3n s\u00edsmica, as\u00ed como la adecuaci\u00f3n a nuevos usos tur\u00edsticos, de la Citadelle Henry, la fortaleza m\u00e1s grande de Am\u00e9rica y Patrimonio de la Humanidad desde 1982. Aprovechamos la ocasi\u00f3n para agradecer la colaboraci\u00f3n de nuestros colegas de WE Architects y Moun Studio, con quienes compartimos esta gran [&hellip;]<\/p>\n","protected":false},"author":10,"featured_media":13078,"comment_status":"closed","ping_status":"closed","sticky":false,"template":"","format":"standard","meta":{"_acf_changed":false,"inline_featured_image":false,"footnotes":""},"categories":[95],"tags":[],"class_list":["post-13086","post","type-post","status-publish","format-standard","has-post-thumbnail","hentry","category-noticias-es"],"acf":[],"_links":{"self":[{"href":"https:\/\/ines.es\/es\/wp-json\/wp\/v2\/posts\/13086","targetHints":{"allow":["GET"]}}],"collection":[{"href":"https:\/\/ines.es\/es\/wp-json\/wp\/v2\/posts"}],"about":[{"href":"https:\/\/ines.es\/es\/wp-json\/wp\/v2\/types\/post"}],"author":[{"embeddable":true,"href":"https:\/\/ines.es\/es\/wp-json\/wp\/v2\/users\/10"}],"replies":[{"embeddable":true,"href":"https:\/\/ines.es\/es\/wp-json\/wp\/v2\/comments?post=13086"}],"version-history":[{"count":1,"href":"https:\/\/ines.es\/es\/wp-json\/wp\/v2\/posts\/13086\/revisions"}],"predecessor-version":[{"id":13087,"href":"https:\/\/ines.es\/es\/wp-json\/wp\/v2\/posts\/13086\/revisions\/13087"}],"wp:featuredmedia":[{"embeddable":true,"href":"https:\/\/ines.es\/es\/wp-json\/wp\/v2\/media\/13078"}],"wp:attachment":[{"href":"https:\/\/ines.es\/es\/wp-json\/wp\/v2\/media?parent=13086"}],"wp:term":[{"taxonomy":"category","embeddable":true,"href":"https:\/\/ines.es\/es\/wp-json\/wp\/v2\/categories?post=13086"},{"taxonomy":"post_tag","embeddable":true,"href":"https:\/\/ines.es\/es\/wp-json\/wp\/v2\/tags?post=13086"}],"curies":[{"name":"wp","href":"https:\/\/api.w.org\/{rel}","templated":true}]}}