{"id":12918,"date":"2025-11-03T18:09:55","date_gmt":"2025-11-03T18:09:55","guid":{"rendered":"https:\/\/ines.es\/?p=12918"},"modified":"2025-11-03T18:09:57","modified_gmt":"2025-11-03T18:09:57","slug":"jornada-sobre-rehabilitacion-patrimonial-y-estructural-de-puentes-en-talavera-de-la-reina","status":"publish","type":"post","link":"https:\/\/ines.es\/es\/jornada-sobre-rehabilitacion-patrimonial-y-estructural-de-puentes-en-talavera-de-la-reina\/","title":{"rendered":"Jornada sobre Rehabilitaci\u00f3n Patrimonial y Estructural de Puentes en Talavera de la Reina"},"content":{"rendered":"\n<p>El pasado jueves, 23 de octubre, el Colegio de Arquitectos de Castilla-La Mancha organiz\u00f3 una interesante jornada t\u00e9cnica dedicada a la rehabilitaci\u00f3n patrimonial y estructural de puentes en Talavera de la Reina.&#13;\n&#13;\n&#13;\n&#13;\n&#13;\n&#13;\n<\/p>\n\n<p>En este evento, se abordaron temas clave relacionados con los estudios y futuras obras en el parcialmente colapsado Puente Viejo de Talavera. Hablamos sobre puentes, su valor patrimonial y social, an\u00e1lisis estructural y otros aspectos relevantes para nuestra profesi\u00f3n. Presentamos ejemplos pr\u00e1cticos de intervenciones en puentes hist\u00f3ricos de f\u00e1brica, y participamos en un enriquecedor debate donde se compartieron preguntas y opiniones del p\u00fablico.<\/p>\n\n<p>En la fotograf\u00eda: Manuel Urtiaga (organizador, a la izquierda), Jorge Perelli (Retineo), Jos\u00e9 Luis Mart\u00ednez (INES Ingenieros) y Javier Le\u00f3n (Fhecor).&#13;\n&#13;\nFue un placer participar y reencontrarnos con amigos y compa\u00f1eros de profesi\u00f3n. <\/p>\n\n<p><a href=\"https:\/\/www.facebook.com\/COACastillaLaMancha\/photos\/conferencia-debate%EF%B8%8Frehabilitaci%C3%B3n-de-puentes-hist%C3%B3ricos-el-puente-de-talavera%EF%B8%8F23\/802357929221231\/\">Jornada sobre Rehabilitaci\u00f3n Patrimonial y Estructural de Puentes en Talavera de la Reina<\/a><\/p>\n\n<p><\/p>\n","protected":false},"excerpt":{"rendered":"<p>El pasado jueves, 23 de octubre, el Colegio de Arquitectos de Castilla-La Mancha organiz\u00f3 una interesante jornada t\u00e9cnica dedicada a la rehabilitaci\u00f3n patrimonial y estructural de puentes en Talavera de la Reina.&#13; &#13; &#13; &#13; &#13; &#13; En este evento, se abordaron temas clave relacionados con los estudios y futuras obras en el parcialmente colapsado [&hellip;]<\/p>\n","protected":false},"author":8,"featured_media":12913,"comment_status":"closed","ping_status":"closed","sticky":false,"template":"","format":"standard","meta":{"_acf_changed":false,"inline_featured_image":false,"footnotes":""},"categories":[95],"tags":[],"class_list":["post-12918","post","type-post","status-publish","format-standard","has-post-thumbnail","hentry","category-noticias-es"],"acf":[],"_links":{"self":[{"href":"https:\/\/ines.es\/es\/wp-json\/wp\/v2\/posts\/12918","targetHints":{"allow":["GET"]}}],"collection":[{"href":"https:\/\/ines.es\/es\/wp-json\/wp\/v2\/posts"}],"about":[{"href":"https:\/\/ines.es\/es\/wp-json\/wp\/v2\/types\/post"}],"author":[{"embeddable":true,"href":"https:\/\/ines.es\/es\/wp-json\/wp\/v2\/users\/8"}],"replies":[{"embeddable":true,"href":"https:\/\/ines.es\/es\/wp-json\/wp\/v2\/comments?post=12918"}],"version-history":[{"count":3,"href":"https:\/\/ines.es\/es\/wp-json\/wp\/v2\/posts\/12918\/revisions"}],"predecessor-version":[{"id":12921,"href":"https:\/\/ines.es\/es\/wp-json\/wp\/v2\/posts\/12918\/revisions\/12921"}],"wp:featuredmedia":[{"embeddable":true,"href":"https:\/\/ines.es\/es\/wp-json\/wp\/v2\/media\/12913"}],"wp:attachment":[{"href":"https:\/\/ines.es\/es\/wp-json\/wp\/v2\/media?parent=12918"}],"wp:term":[{"taxonomy":"category","embeddable":true,"href":"https:\/\/ines.es\/es\/wp-json\/wp\/v2\/categories?post=12918"},{"taxonomy":"post_tag","embeddable":true,"href":"https:\/\/ines.es\/es\/wp-json\/wp\/v2\/tags?post=12918"}],"curies":[{"name":"wp","href":"https:\/\/api.w.org\/{rel}","templated":true}]}}