{"id":12823,"date":"2025-10-09T14:33:31","date_gmt":"2025-10-09T14:33:31","guid":{"rendered":"https:\/\/ines.es\/primera-edicion-del-premio-tecnica-y-artes-una-iniciativa-promovida-por-ines-ingenieros-en-el-instituto-san-mateo\/"},"modified":"2025-10-10T08:01:00","modified_gmt":"2025-10-10T08:01:00","slug":"primera-edicion-del-premio-tecnica-y-artes-una-iniciativa-promovida-por-ines-ingenieros-en-el-instituto-san-mateo","status":"publish","type":"post","link":"https:\/\/ines.es\/es\/primera-edicion-del-premio-tecnica-y-artes-una-iniciativa-promovida-por-ines-ingenieros-en-el-instituto-san-mateo\/","title":{"rendered":"Primera edici\u00f3n del Premio \u201cT\u00e9cnica y Artes\u201d \u2013 Una iniciativa promovida por INES Ingenieros en el Instituto San Mateo"},"content":{"rendered":"<p>Durante el curso acad\u00e9mico 2024\/2025 se celebr\u00f3 la primera edici\u00f3n del Premio \u201cT\u00e9cnica y Artes\u201d, auspiciado por INES Ingenieros Consultores en el Instituto San Mateo de Madrid.<\/p>\n<p>El objetivo de este premio es poner en valor la capacidad de los estudiantes para combinar t\u00e9cnica y sensibilidad art\u00edstica, mostrando c\u00f3mo las infraestructuras no solo cumplen una funci\u00f3n pr\u00e1ctica, sino que tambi\u00e9n forman parte del paisaje social y emocional en el que vivimos.<\/p>\n<p>En esta primera edici\u00f3n, dedicada a los puentes, los alumnos de 1\u00ba y 2\u00ba de Bachillerato presentaron un total de 18 trabajos en formato libre: relatos, poemas, cuadros, canciones, fotograf\u00edas y maquetas.<\/p>\n<p>Los premiados fueron:<\/p>\n<ul>\n<li>Alejandra Gadja \u2013 &#8220;Un puente, varias historias&#8221; (Relato)<\/li>\n<li>Beatriz Barral \u2013 &#8220;Dos mundos, un puente&#8221; (Pintura)<\/li>\n<li>Paula Lobo \u2013 &#8220;El arte me hace so\u00f1ar&#8221; (Poema)<\/li>\n<\/ul>\n<p>&nbsp;<\/p>\n<p>Desde INES queremos felicitar a todos los participantes por su creatividad y esfuerzo, y por recordarnos que la ingenier\u00eda tambi\u00e9n puede ser una forma de arte.<\/p>\n<p>Ya estamos preparando la segunda edici\u00f3n, correspondiente al curso 2025\/2026, que tendr\u00e1 como tem\u00e1tica principal las presas.<\/p>\n<p><a href=\"https:\/\/inesing-my.sharepoint.com\/:b:\/g\/personal\/dlo_inesingenieros_com\/EWOHSuarIUpGkKaVMbRrdWYB3FoQy8DwSl_Qa9Se8hlfiQ?e=h4eeZr\">El_arte_me_hace_so\u00f1ar.pdf<\/a><\/p>\n<p><a href=\"https:\/\/inesing-my.sharepoint.com\/:b:\/g\/personal\/dlo_inesingenieros_com\/EXHvpNRdvalDi7-lLwdDcrMBbyS9bjjdwnWpbYHnU27fMg?e=Vvncw1\">Un_puente_varias_hist.pdf<\/a><\/p>\n","protected":false},"excerpt":{"rendered":"<p>Durante el curso acad\u00e9mico 2024\/2025 se celebr\u00f3 la primera edici\u00f3n del Premio \u201cT\u00e9cnica y Artes\u201d, auspiciado por INES Ingenieros Consultores en el Instituto San Mateo de Madrid. El objetivo de este premio es poner en valor la capacidad de los estudiantes para combinar t\u00e9cnica y sensibilidad art\u00edstica, mostrando c\u00f3mo las infraestructuras no solo cumplen una [&hellip;]<\/p>\n","protected":false},"author":8,"featured_media":12821,"comment_status":"closed","ping_status":"closed","sticky":false,"template":"","format":"standard","meta":{"_acf_changed":false,"inline_featured_image":false,"footnotes":""},"categories":[95],"tags":[],"class_list":["post-12823","post","type-post","status-publish","format-standard","has-post-thumbnail","hentry","category-noticias-es"],"acf":[],"_links":{"self":[{"href":"https:\/\/ines.es\/es\/wp-json\/wp\/v2\/posts\/12823","targetHints":{"allow":["GET"]}}],"collection":[{"href":"https:\/\/ines.es\/es\/wp-json\/wp\/v2\/posts"}],"about":[{"href":"https:\/\/ines.es\/es\/wp-json\/wp\/v2\/types\/post"}],"author":[{"embeddable":true,"href":"https:\/\/ines.es\/es\/wp-json\/wp\/v2\/users\/8"}],"replies":[{"embeddable":true,"href":"https:\/\/ines.es\/es\/wp-json\/wp\/v2\/comments?post=12823"}],"version-history":[{"count":5,"href":"https:\/\/ines.es\/es\/wp-json\/wp\/v2\/posts\/12823\/revisions"}],"predecessor-version":[{"id":12829,"href":"https:\/\/ines.es\/es\/wp-json\/wp\/v2\/posts\/12823\/revisions\/12829"}],"wp:featuredmedia":[{"embeddable":true,"href":"https:\/\/ines.es\/es\/wp-json\/wp\/v2\/media\/12821"}],"wp:attachment":[{"href":"https:\/\/ines.es\/es\/wp-json\/wp\/v2\/media?parent=12823"}],"wp:term":[{"taxonomy":"category","embeddable":true,"href":"https:\/\/ines.es\/es\/wp-json\/wp\/v2\/categories?post=12823"},{"taxonomy":"post_tag","embeddable":true,"href":"https:\/\/ines.es\/es\/wp-json\/wp\/v2\/tags?post=12823"}],"curies":[{"name":"wp","href":"https:\/\/api.w.org\/{rel}","templated":true}]}}