{"id":12326,"date":"2025-02-10T09:07:43","date_gmt":"2025-02-10T09:07:43","guid":{"rendered":"https:\/\/ines.es\/do-not-miss-the-first-sustainable-and-resilient-roads-conference-organized-on-february-25th-and-26th-by-the-atc-and-promoted-by-the-ministry-of-transport-and-sustainable-mobility\/"},"modified":"2025-02-10T09:23:25","modified_gmt":"2025-02-10T09:23:25","slug":"do-not-miss-the-first-sustainable-and-resilient-roads-conference-organized-on-february-25th-and-26th-by-the-atc-and-promoted-by-the-ministry-of-transport-and-sustainable-mobility","status":"publish","type":"post","link":"https:\/\/ines.es\/es\/do-not-miss-the-first-sustainable-and-resilient-roads-conference-organized-on-february-25th-and-26th-by-the-atc-and-promoted-by-the-ministry-of-transport-and-sustainable-mobility\/","title":{"rendered":"EL PR\u00d3XIMO 25 Y 26 DE FEBRERO NO OS PERD\u00c1IS LAS I JORNADAS DE CARRETERAS SOSTENIBLES Y RESILIENTES ORGANIZADAS POR LA ATC Y PROMOVIDAS POR EL MINISTERIO DE TRANSPORTES Y MOVILIDAD SOSTENIBLE"},"content":{"rendered":"\n<p>Una sesi\u00f3n sobre resiliencia, marcada por la DANA de Valencia y las lecciones aprendidas tras un a\u00f1o de la DANA de Madrid, junto con la presentaci\u00f3n del Plan de Adaptaci\u00f3n al Cambio Clim\u00e1tico de la Red de Carreteras del Estado, dar\u00e1 inicio a las jornadas. A continuaci\u00f3n, un amplio abanico de ponencias abordar\u00e1 la sostenibilidad desde diversas perspectivas, incluyendo pol\u00edticas de descarbonizaci\u00f3n, bancos de precios ambientales, despliegue de puntos de recarga, el papel del veh\u00edculo el\u00e9ctrico en la transici\u00f3n energ\u00e9tica y aspectos relacionados con la movilidad ciclista. <\/p>\n\n\n\n<p>El evento se celebrar\u00e1 en Segovia los d\u00edas 25 y 26 de febrero, en el Hotel C\u00e1ndido.<\/p>\n\n\n\n<p><a href=\"https:\/\/congresosatcpiarc.es\/programa\/\">congresosatcpiarc.es | Programa<\/a><\/p>\n\n\n\n<p><a href=\"https:\/\/congresosatcpiarc.es\/contact-us\/\">congresosatcpiarc.es | Registro<\/a><\/p>\n\n\n\n<p><\/p>\n","protected":false},"excerpt":{"rendered":"<p>Una sesi\u00f3n sobre resiliencia, marcada por la DANA de Valencia y las lecciones aprendidas tras un a\u00f1o de la DANA de Madrid, junto con la presentaci\u00f3n del Plan de Adaptaci\u00f3n al Cambio Clim\u00e1tico de la Red de Carreteras del Estado, dar\u00e1 inicio a las jornadas. A continuaci\u00f3n, un amplio abanico de ponencias abordar\u00e1 la sostenibilidad [&hellip;]<\/p>\n","protected":false},"author":8,"featured_media":12325,"comment_status":"closed","ping_status":"closed","sticky":false,"template":"","format":"standard","meta":{"_acf_changed":false,"inline_featured_image":false,"footnotes":""},"categories":[95],"tags":[],"class_list":["post-12326","post","type-post","status-publish","format-standard","has-post-thumbnail","hentry","category-noticias-es"],"acf":[],"_links":{"self":[{"href":"https:\/\/ines.es\/es\/wp-json\/wp\/v2\/posts\/12326","targetHints":{"allow":["GET"]}}],"collection":[{"href":"https:\/\/ines.es\/es\/wp-json\/wp\/v2\/posts"}],"about":[{"href":"https:\/\/ines.es\/es\/wp-json\/wp\/v2\/types\/post"}],"author":[{"embeddable":true,"href":"https:\/\/ines.es\/es\/wp-json\/wp\/v2\/users\/8"}],"replies":[{"embeddable":true,"href":"https:\/\/ines.es\/es\/wp-json\/wp\/v2\/comments?post=12326"}],"version-history":[{"count":2,"href":"https:\/\/ines.es\/es\/wp-json\/wp\/v2\/posts\/12326\/revisions"}],"predecessor-version":[{"id":12330,"href":"https:\/\/ines.es\/es\/wp-json\/wp\/v2\/posts\/12326\/revisions\/12330"}],"wp:featuredmedia":[{"embeddable":true,"href":"https:\/\/ines.es\/es\/wp-json\/wp\/v2\/media\/12325"}],"wp:attachment":[{"href":"https:\/\/ines.es\/es\/wp-json\/wp\/v2\/media?parent=12326"}],"wp:term":[{"taxonomy":"category","embeddable":true,"href":"https:\/\/ines.es\/es\/wp-json\/wp\/v2\/categories?post=12326"},{"taxonomy":"post_tag","embeddable":true,"href":"https:\/\/ines.es\/es\/wp-json\/wp\/v2\/tags?post=12326"}],"curies":[{"name":"wp","href":"https:\/\/api.w.org\/{rel}","templated":true}]}}