{"id":11482,"date":"2024-08-26T10:49:49","date_gmt":"2024-08-26T10:49:49","guid":{"rendered":"https:\/\/ines.es\/how-to-increase-resilience-through-advanced-asset-management-ines-shares-its-experience-at-the-irf-regional-congress-in-puerto-rico\/"},"modified":"2024-08-26T10:53:53","modified_gmt":"2024-08-26T10:53:53","slug":"how-to-increase-resilience-through-advanced-asset-management-ines-shares-its-experience-at-the-irf-regional-congress-in-puerto-rico","status":"publish","type":"post","link":"https:\/\/ines.es\/es\/how-to-increase-resilience-through-advanced-asset-management-ines-shares-its-experience-at-the-irf-regional-congress-in-puerto-rico\/","title":{"rendered":"\u00bfC\u00d3MO AUMENTAR LA RESILIENCIA MEDIANTE UNA GESTI\u00d3N DE ACTIVOS AVANZADA? INES COMPARTE SU EXPERIENCIA EN EL CONGRESO IRF 2024 EN PUERTO RICO"},"content":{"rendered":"\n<p>Del 30 de julio al 2 de agosto de 2024, INES particip\u00f3 activamente en el 12\u00ba Congreso Regional de la Federaci\u00f3n Internacional de Carreteras (IRF) en el Caribe, celebrado este a\u00f1o en Puerto Rico. Este evento de cuatro d\u00edas reuni\u00f3 a expertos de todo el mundo para analizar los desaf\u00edos y oportunidades en la infraestructura vial. Bajo el lema &#8220;Una hoja de ruta hacia un sistema de transporte seguro, inclusivo y resiliente&#8221;, esta edici\u00f3n se centr\u00f3 en siete temas clave: desarrollo de infraestructuras y servicios viales resilientes e inclusivos, gesti\u00f3n de activos viales, financiaci\u00f3n innovadora de infraestructuras, seguridad vial, descarbonizaci\u00f3n del transporte por carretera, integraci\u00f3n y cooperaci\u00f3n regional, y fortalecimiento de capacidades en los ministerios de obras p\u00fablicas del Caribe.<\/p>\n\n\n\n<p>Durante el congreso, INES present\u00f3 dos casos de estudio en la sesi\u00f3n plenaria del jueves 1 de agosto, centrados en c\u00f3mo aumentar la resiliencia mediante una mejor gesti\u00f3n de activos de carreteras. A trav\u00e9s de ejemplos concretos desarrollados para el Banco Mundial y el Banco Caribe\u00f1o de Desarrollo, INES comparti\u00f3 las conclusiones sobre c\u00f3mo la incorporaci\u00f3n de an\u00e1lisis de vulnerabilidad y riesgo en la gesti\u00f3n de activos puede aumentar la robustez de las infraestructuras, asegurando su funcionamiento \u00f3ptimo en situaciones de emergencia y mitigando los impactos de fen\u00f3menos extremos.<\/p>\n\n\n\n<p>Adicionalmente, INES particip\u00f3 en una mesa redonda el mi\u00e9rcoles 31 de julio, titulada &#8220;\u00bfCu\u00e1nta resiliencia se pueden permitir los Gobiernos?&#8221;, donde se discutieron los l\u00edmites financieros y operativos de la implementaci\u00f3n de infraestructuras resilientes.<\/p>\n\n\n\n<p>La participaci\u00f3n de INES en este congreso no solo reafirma su liderazgo en la evaluaci\u00f3n y mejora de la resiliencia de infraestructuras cr\u00edticas, sino tambi\u00e9n su compromiso con gobiernos y organizaciones internacionales para promover pr\u00e1cticas avanzadas en la gesti\u00f3n de infraestructuras, garantizando que las redes de transporte puedan resistir y recuperarse r\u00e1pidamente ante futuros desaf\u00edos.<\/p>\n","protected":false},"excerpt":{"rendered":"<p>Del 30 de julio al 2 de agosto de 2024, INES particip\u00f3 activamente en el 12\u00ba Congreso Regional de la Federaci\u00f3n Internacional de Carreteras (IRF) en el Caribe, celebrado este a\u00f1o en Puerto Rico. Este evento de cuatro d\u00edas reuni\u00f3 a expertos de todo el mundo para analizar los desaf\u00edos y oportunidades en la infraestructura [&hellip;]<\/p>\n","protected":false},"author":8,"featured_media":11481,"comment_status":"closed","ping_status":"closed","sticky":false,"template":"","format":"standard","meta":{"_acf_changed":false,"inline_featured_image":false,"footnotes":""},"categories":[95],"tags":[],"class_list":["post-11482","post","type-post","status-publish","format-standard","has-post-thumbnail","hentry","category-noticias-es"],"acf":[],"_links":{"self":[{"href":"https:\/\/ines.es\/es\/wp-json\/wp\/v2\/posts\/11482","targetHints":{"allow":["GET"]}}],"collection":[{"href":"https:\/\/ines.es\/es\/wp-json\/wp\/v2\/posts"}],"about":[{"href":"https:\/\/ines.es\/es\/wp-json\/wp\/v2\/types\/post"}],"author":[{"embeddable":true,"href":"https:\/\/ines.es\/es\/wp-json\/wp\/v2\/users\/8"}],"replies":[{"embeddable":true,"href":"https:\/\/ines.es\/es\/wp-json\/wp\/v2\/comments?post=11482"}],"version-history":[{"count":2,"href":"https:\/\/ines.es\/es\/wp-json\/wp\/v2\/posts\/11482\/revisions"}],"predecessor-version":[{"id":11485,"href":"https:\/\/ines.es\/es\/wp-json\/wp\/v2\/posts\/11482\/revisions\/11485"}],"wp:featuredmedia":[{"embeddable":true,"href":"https:\/\/ines.es\/es\/wp-json\/wp\/v2\/media\/11481"}],"wp:attachment":[{"href":"https:\/\/ines.es\/es\/wp-json\/wp\/v2\/media?parent=11482"}],"wp:term":[{"taxonomy":"category","embeddable":true,"href":"https:\/\/ines.es\/es\/wp-json\/wp\/v2\/categories?post=11482"},{"taxonomy":"post_tag","embeddable":true,"href":"https:\/\/ines.es\/es\/wp-json\/wp\/v2\/tags?post=11482"}],"curies":[{"name":"wp","href":"https:\/\/api.w.org\/{rel}","templated":true}]}}