{"id":11452,"date":"2024-07-24T13:54:16","date_gmt":"2024-07-24T13:54:16","guid":{"rendered":"https:\/\/ines.es\/inauguration-of-the-three-bridges-destroyed-on-september-2023-by-the-dana-in-aldea-del-fresno\/"},"modified":"2024-07-24T14:29:37","modified_gmt":"2024-07-24T14:29:37","slug":"inauguration-of-the-three-bridges-destroyed-on-september-2023-by-the-dana-in-aldea-del-fresno","status":"publish","type":"post","link":"https:\/\/ines.es\/es\/inauguration-of-the-three-bridges-destroyed-on-september-2023-by-the-dana-in-aldea-del-fresno\/","title":{"rendered":"INAUGURACI\u00d3N DE LOS TRES PUENTES ARRASADOS POR LA DANA DE SEPTIEMBRE 2023 EN ALDEA DEL FRESNO"},"content":{"rendered":"\n<p>La Presidenta de la Comunidad de Madrid, Isabel D\u00edaz Ayuso, ha inaugurado este martes los tres puentes que reemplazan las estructuras colapsadas en Aldea del Fresno a ra\u00edz de la DANA de septiembre de 2023. INES, ha contribuido a la recuperaci\u00f3n del servicio con car\u00e1cter definitivo de la carretera M-507 en un tiempo r\u00e9cord de tan s\u00f3lo diez meses, siendo responsable del dise\u00f1o y asistencia t\u00e9cnica de dos de los nuevos puentes.<\/p>\n\n\n\n<p><a href=\"https:\/\/www.telemadrid.es\/noticias\/madrid\/Ayuso-inaugura-en-Aldea-del-Fresno-los-3-nuevos-puentes-arrasados-por-la-DANA-de-2023-0-2690730917--20240723115502.html\">https:\/\/www.telemadrid.es\/noticias\/madrid\/Ayuso-inaugura-en-Aldea-del-Fresno-los-3-nuevos-puentes-arrasados-por-la-DANA-de-2023-0-2690730917&#8211;20240723115502.html<\/a><\/p>\n\n\n\n<p><\/p>\n","protected":false},"excerpt":{"rendered":"<p>La Presidenta de la Comunidad de Madrid, Isabel D\u00edaz Ayuso, ha inaugurado este martes los tres puentes que reemplazan las estructuras colapsadas en Aldea del Fresno a ra\u00edz de la DANA de septiembre de 2023. INES, ha contribuido a la recuperaci\u00f3n del servicio con car\u00e1cter definitivo de la carretera M-507 en un tiempo r\u00e9cord de [&hellip;]<\/p>\n","protected":false},"author":8,"featured_media":11450,"comment_status":"closed","ping_status":"closed","sticky":false,"template":"","format":"standard","meta":{"_acf_changed":false,"inline_featured_image":false,"footnotes":""},"categories":[95],"tags":[],"class_list":["post-11452","post","type-post","status-publish","format-standard","has-post-thumbnail","hentry","category-noticias-es"],"acf":[],"_links":{"self":[{"href":"https:\/\/ines.es\/es\/wp-json\/wp\/v2\/posts\/11452","targetHints":{"allow":["GET"]}}],"collection":[{"href":"https:\/\/ines.es\/es\/wp-json\/wp\/v2\/posts"}],"about":[{"href":"https:\/\/ines.es\/es\/wp-json\/wp\/v2\/types\/post"}],"author":[{"embeddable":true,"href":"https:\/\/ines.es\/es\/wp-json\/wp\/v2\/users\/8"}],"replies":[{"embeddable":true,"href":"https:\/\/ines.es\/es\/wp-json\/wp\/v2\/comments?post=11452"}],"version-history":[{"count":3,"href":"https:\/\/ines.es\/es\/wp-json\/wp\/v2\/posts\/11452\/revisions"}],"predecessor-version":[{"id":11456,"href":"https:\/\/ines.es\/es\/wp-json\/wp\/v2\/posts\/11452\/revisions\/11456"}],"wp:featuredmedia":[{"embeddable":true,"href":"https:\/\/ines.es\/es\/wp-json\/wp\/v2\/media\/11450"}],"wp:attachment":[{"href":"https:\/\/ines.es\/es\/wp-json\/wp\/v2\/media?parent=11452"}],"wp:term":[{"taxonomy":"category","embeddable":true,"href":"https:\/\/ines.es\/es\/wp-json\/wp\/v2\/categories?post=11452"},{"taxonomy":"post_tag","embeddable":true,"href":"https:\/\/ines.es\/es\/wp-json\/wp\/v2\/tags?post=11452"}],"curies":[{"name":"wp","href":"https:\/\/api.w.org\/{rel}","templated":true}]}}