{"id":10260,"date":"2010-12-14T09:59:50","date_gmt":"2010-12-14T09:59:50","guid":{"rendered":"https:\/\/ines.es\/serrano-street-reform\/"},"modified":"2024-04-26T09:28:12","modified_gmt":"2024-04-26T09:28:12","slug":"serrano-street-reform","status":"publish","type":"post","link":"https:\/\/ines.es\/es\/serrano-street-reform\/","title":{"rendered":"REFORMA DE LA CALLE SERRANO"},"content":{"rendered":"<p>Consciente de la funci\u00f3n vertebradora de la calle Serrano en la estructuraci\u00f3n de la ciudad, el proyecto pretende mejorar el aspecto y el funcionamiento de la calle, as\u00ed como su entorno.<\/p>\n\n\n<figure class=\"wp-block-embed is-type-video is-provider-youtube wp-block-embed-youtube wp-embed-aspect-4-3 wp-has-aspect-ratio\"><div class=\"wp-block-embed__wrapper\">\n<iframe title=\"Reforma calle Serrano\" width=\"800\" height=\"600\" src=\"https:\/\/www.youtube.com\/embed\/4qIdamv5cqc?start=1&#038;feature=oembed\" frameborder=\"0\" allow=\"accelerometer; autoplay; clipboard-write; encrypted-media; gyroscope; picture-in-picture; web-share\" allowfullscreen><\/iframe>\n<\/div><\/figure>\n","protected":false},"excerpt":{"rendered":"<p>Consciente de la funci\u00f3n vertebradora de la calle Serrano en la estructuraci\u00f3n de la ciudad, el proyecto pretende mejorar el aspecto y el funcionamiento de la calle, as\u00ed como su entorno.<\/p>\n","protected":false},"author":8,"featured_media":10261,"comment_status":"closed","ping_status":"open","sticky":false,"template":"","format":"video","meta":{"_acf_changed":false,"inline_featured_image":false,"footnotes":""},"categories":[95,97],"tags":[],"class_list":["post-10260","post","type-post","status-publish","format-video","has-post-thumbnail","hentry","category-noticias-es","category-video-all-es","post_format-post-format-video"],"acf":[],"_links":{"self":[{"href":"https:\/\/ines.es\/es\/wp-json\/wp\/v2\/posts\/10260","targetHints":{"allow":["GET"]}}],"collection":[{"href":"https:\/\/ines.es\/es\/wp-json\/wp\/v2\/posts"}],"about":[{"href":"https:\/\/ines.es\/es\/wp-json\/wp\/v2\/types\/post"}],"author":[{"embeddable":true,"href":"https:\/\/ines.es\/es\/wp-json\/wp\/v2\/users\/8"}],"replies":[{"embeddable":true,"href":"https:\/\/ines.es\/es\/wp-json\/wp\/v2\/comments?post=10260"}],"version-history":[{"count":1,"href":"https:\/\/ines.es\/es\/wp-json\/wp\/v2\/posts\/10260\/revisions"}],"predecessor-version":[{"id":10297,"href":"https:\/\/ines.es\/es\/wp-json\/wp\/v2\/posts\/10260\/revisions\/10297"}],"wp:featuredmedia":[{"embeddable":true,"href":"https:\/\/ines.es\/es\/wp-json\/wp\/v2\/media\/10261"}],"wp:attachment":[{"href":"https:\/\/ines.es\/es\/wp-json\/wp\/v2\/media?parent=10260"}],"wp:term":[{"taxonomy":"category","embeddable":true,"href":"https:\/\/ines.es\/es\/wp-json\/wp\/v2\/categories?post=10260"},{"taxonomy":"post_tag","embeddable":true,"href":"https:\/\/ines.es\/es\/wp-json\/wp\/v2\/tags?post=10260"}],"curies":[{"name":"wp","href":"https:\/\/api.w.org\/{rel}","templated":true}]}}