{"id":10235,"date":"2013-05-10T15:06:10","date_gmt":"2013-05-10T15:06:10","guid":{"rendered":"https:\/\/ines.es\/ines-engineers-participate-speaker-summit-spanish-engineering\/"},"modified":"2024-04-26T09:18:35","modified_gmt":"2024-04-26T09:18:35","slug":"ines-engineers-participate-speaker-summit-spanish-engineering","status":"publish","type":"post","link":"https:\/\/ines.es\/es\/ines-engineers-participate-speaker-summit-spanish-engineering\/","title":{"rendered":"INES HA PARTICIPADO COMO PONENTE EN LA CUMBRE DE LA INGENIER\u00cdA ESPA\u00d1OLA"},"content":{"rendered":"<p>La Cumbre de la Ingenier\u00eda Espa\u00f1ola ha celebrado su segunda y \u00faltima jornada, con varias mesas redondas sobre emprendimiento, log\u00edstica y equipamiento y el sector tecnol\u00f3gico, entre otros temas. Las empresas de este \u00faltimo sector han reclamado m\u00e1s colaboraci\u00f3n p\u00fablico-privada, mientras que los representantes del sector formativo han destacado que uno de cada diez ingenieros ya tiene que trabajar en el extranjero.<\/p>\n<p>Jos\u00e9 Dom\u00ednguez Abascal, Secretario General de Abengoa, se\u00f1al\u00f3 la importancia de implementar f\u00f3rmulas para la reutilizaci\u00f3n del agua en un mundo en el que cada d\u00eda viven m\u00e1s personas y en el que se necesita un recurso cada vez m\u00e1s escaso.<\/p>\n","protected":false},"excerpt":{"rendered":"<p>La Cumbre de la Ingenier\u00eda Espa\u00f1ola ha celebrado su segunda y \u00faltima jornada, con varias mesas redondas sobre emprendimiento, log\u00edstica y equipamiento y el sector tecnol\u00f3gico, entre otros temas. Las empresas de este \u00faltimo sector han reclamado m\u00e1s colaboraci\u00f3n p\u00fablico-privada, mientras que los representantes del sector formativo han destacado que uno de cada diez ingenieros [&hellip;]<\/p>\n","protected":false},"author":8,"featured_media":10236,"comment_status":"closed","ping_status":"open","sticky":false,"template":"","format":"standard","meta":{"_acf_changed":false,"inline_featured_image":false,"footnotes":""},"categories":[95],"tags":[],"class_list":["post-10235","post","type-post","status-publish","format-standard","has-post-thumbnail","hentry","category-noticias-es"],"acf":[],"_links":{"self":[{"href":"https:\/\/ines.es\/es\/wp-json\/wp\/v2\/posts\/10235","targetHints":{"allow":["GET"]}}],"collection":[{"href":"https:\/\/ines.es\/es\/wp-json\/wp\/v2\/posts"}],"about":[{"href":"https:\/\/ines.es\/es\/wp-json\/wp\/v2\/types\/post"}],"author":[{"embeddable":true,"href":"https:\/\/ines.es\/es\/wp-json\/wp\/v2\/users\/8"}],"replies":[{"embeddable":true,"href":"https:\/\/ines.es\/es\/wp-json\/wp\/v2\/comments?post=10235"}],"version-history":[{"count":1,"href":"https:\/\/ines.es\/es\/wp-json\/wp\/v2\/posts\/10235\/revisions"}],"predecessor-version":[{"id":10287,"href":"https:\/\/ines.es\/es\/wp-json\/wp\/v2\/posts\/10235\/revisions\/10287"}],"wp:featuredmedia":[{"embeddable":true,"href":"https:\/\/ines.es\/es\/wp-json\/wp\/v2\/media\/10236"}],"wp:attachment":[{"href":"https:\/\/ines.es\/es\/wp-json\/wp\/v2\/media?parent=10235"}],"wp:term":[{"taxonomy":"category","embeddable":true,"href":"https:\/\/ines.es\/es\/wp-json\/wp\/v2\/categories?post=10235"},{"taxonomy":"post_tag","embeddable":true,"href":"https:\/\/ines.es\/es\/wp-json\/wp\/v2\/tags?post=10235"}],"curies":[{"name":"wp","href":"https:\/\/api.w.org\/{rel}","templated":true}]}}