{"id":10141,"date":"2024-01-30T15:48:52","date_gmt":"2024-01-30T15:48:52","guid":{"rendered":"https:\/\/ines.es\/ines-participates-in-the-geotechnical-asset-management-system-conference-methodology-and-experience\/"},"modified":"2024-04-25T16:19:57","modified_gmt":"2024-04-25T16:19:57","slug":"ines-participates-in-the-geotechnical-asset-management-system-conference-methodology-and-experience","status":"publish","type":"post","link":"https:\/\/ines.es\/es\/ines-participates-in-the-geotechnical-asset-management-system-conference-methodology-and-experience\/","title":{"rendered":"INES PARTICIPA EN BARCELONA EN LA JORNADA DE SISTEMAS DE GESTI\u00d3N DE ACTIVOS GEOT\u00c9CNICOS: METODOLOG\u00cdAS Y EXPERIENCIAS"},"content":{"rendered":"\n<p>Denominamos activos geot\u00e9cnicos aquellos componentes de las infraestructuras de transporte en los cuales el terreno juega un rol principal y sus disfunciones pueden conllevar un riesgo para ellas. Esta jornada est\u00e1 centrada en la visi\u00f3n de gesti\u00f3n: desde las necesidades compartidas de los organismos p\u00fablicos titulares a la b\u00fasqueda de soluciones del sector. Es una materia compleja que precisa de aproximaciones sist\u00e9micas desde distintas perspectivas complementarias. Pretendemos compartir conocimiento a partir de experiencias tanto en carreteras como ferrocarril y a todas las escalas territoriales.<\/p>\n\n\n\n<p><a href=\"https:\/\/www.icgc.cat\/es\/El-ICGC\/Agenda\/Jornada-de-sistemas-de-gestion-de-activos-geotecnicos-metodologias-y-experiencias\">https:\/\/www.icgc.cat\/es\/El-ICGC\/Agenda\/Jornada-de-sistemas-de-gestion-de-activos-geotecnicos-metodologias-y-experiencias<\/a><\/p>\n\n\n\n<p><a href=\"https:\/\/icgccat.sharepoint.com\/:f:\/g\/pgcomercial\/EjmLz_NeVtpLicSxfyorVhABo_5lavY4TL7Tphpp8ha67Q?e=7haRsC\">https:\/\/icgccat.sharepoint.com\/:f:\/g\/pgcomercial\/EjmLz_NeVtpLicSxfyorVhABo_5lavY4TL7Tphpp8ha67Q?e=7haRsC<\/a><\/p>\n","protected":false},"excerpt":{"rendered":"<p>Denominamos activos geot\u00e9cnicos aquellos componentes de las infraestructuras de transporte en los cuales el terreno juega un rol principal y sus disfunciones pueden conllevar un riesgo para ellas. Esta jornada est\u00e1 centrada en la visi\u00f3n de gesti\u00f3n: desde las necesidades compartidas de los organismos p\u00fablicos titulares a la b\u00fasqueda de soluciones del sector. Es una [&hellip;]<\/p>\n","protected":false},"author":8,"featured_media":10143,"comment_status":"closed","ping_status":"closed","sticky":false,"template":"","format":"standard","meta":{"_acf_changed":false,"inline_featured_image":false,"footnotes":""},"categories":[95],"tags":[],"class_list":["post-10141","post","type-post","status-publish","format-standard","has-post-thumbnail","hentry","category-noticias-es"],"acf":[],"_links":{"self":[{"href":"https:\/\/ines.es\/es\/wp-json\/wp\/v2\/posts\/10141","targetHints":{"allow":["GET"]}}],"collection":[{"href":"https:\/\/ines.es\/es\/wp-json\/wp\/v2\/posts"}],"about":[{"href":"https:\/\/ines.es\/es\/wp-json\/wp\/v2\/types\/post"}],"author":[{"embeddable":true,"href":"https:\/\/ines.es\/es\/wp-json\/wp\/v2\/users\/8"}],"replies":[{"embeddable":true,"href":"https:\/\/ines.es\/es\/wp-json\/wp\/v2\/comments?post=10141"}],"version-history":[{"count":1,"href":"https:\/\/ines.es\/es\/wp-json\/wp\/v2\/posts\/10141\/revisions"}],"predecessor-version":[{"id":10190,"href":"https:\/\/ines.es\/es\/wp-json\/wp\/v2\/posts\/10141\/revisions\/10190"}],"wp:featuredmedia":[{"embeddable":true,"href":"https:\/\/ines.es\/es\/wp-json\/wp\/v2\/media\/10143"}],"wp:attachment":[{"href":"https:\/\/ines.es\/es\/wp-json\/wp\/v2\/media?parent=10141"}],"wp:term":[{"taxonomy":"category","embeddable":true,"href":"https:\/\/ines.es\/es\/wp-json\/wp\/v2\/categories?post=10141"},{"taxonomy":"post_tag","embeddable":true,"href":"https:\/\/ines.es\/es\/wp-json\/wp\/v2\/tags?post=10141"}],"curies":[{"name":"wp","href":"https:\/\/api.w.org\/{rel}","templated":true}]}}