{"id":10135,"date":"2024-02-13T11:20:48","date_gmt":"2024-02-13T11:20:48","guid":{"rendered":"https:\/\/ines.es\/ines-participates-in-the-launch-of-the-new-piarc-cycle-in-paris\/"},"modified":"2024-04-25T16:06:33","modified_gmt":"2024-04-25T16:06:33","slug":"ines-participates-in-the-launch-of-the-new-piarc-cycle-in-paris","status":"publish","type":"post","link":"https:\/\/ines.es\/es\/ines-participates-in-the-launch-of-the-new-piarc-cycle-in-paris\/","title":{"rendered":"INES PARTICIPA EN EL LANZAMIENTO DEL NUEVO CICLO DE LA PIARC EN PAR\u00cdS"},"content":{"rendered":"\n<p>INES ha participado esta semana en el lanzamiento del nuevo ciclo de la PIARC (2024-2027) en Par\u00eds. Como miembro del Comit\u00e9 T\u00e9cnico de Puentes (TC4.2) dentro del \u00c1rea Estrat\u00e9gica de Infraestructuras Resilientes (ST4), INES asisti\u00f3 a tres d\u00edas de reuniones en las que se estableci\u00f3 la hoja de ruta para este nuevo ciclo.<br>Se definieron los grupos de trabajo para los pr\u00f3ximos cuatro a\u00f1os y se programaron los seminarios y conferencias que el comit\u00e9 promover\u00e1 en el \u00e1mbito de la gesti\u00f3n de puentes.<br>Adem\u00e1s, el comit\u00e9 aprovech\u00f3 las reuniones de lanzamiento para visitar los puentes de Normand\u00eda y Tancarville, hitos de la ingenier\u00eda europea, con Michel Virlogeux y la concesionaria CCI.<\/p>\n\n\n\n<p><a href=\"https:\/\/www.linkedin.com\/posts\/miguelcasoflorez_road-infrastructure-transport-activity-7161653615248584704-8dpL?utm_source=share&amp;utm_medium=member_desktop\">https:\/\/www.linkedin.com\/posts\/miguelcasoflorez_road-infrastructure-transport-activity-7161653615248584704-8dpL?utm_source=share&amp;utm_medium=member_desktop<\/a><\/p>\n\n\n\n<p><a href=\"https:\/\/www.linkedin.com\/feed\/update\/urn:li:activity:7162825282909884418\/?updateEntityUrn=urn%3Ali%3Afs_feedUpdate%3A%28V2%2Curn%3Ali%3Aactivity%3A7162825282909884418%29\">https:\/\/www.linkedin.com\/feed\/update\/urn:li:activity:7162825282909884418\/?updateEntityUrn=urn%3Ali%3Afs_feedUpdate%3A%28V2%2Curn%3Ali%3Aactivity%3A7162825282909884418%29<\/a><\/p>\n","protected":false},"excerpt":{"rendered":"<p>INES ha participado esta semana en el lanzamiento del nuevo ciclo de la PIARC (2024-2027) en Par\u00eds. Como miembro del Comit\u00e9 T\u00e9cnico de Puentes (TC4.2) dentro del \u00c1rea Estrat\u00e9gica de Infraestructuras Resilientes (ST4), INES asisti\u00f3 a tres d\u00edas de reuniones en las que se estableci\u00f3 la hoja de ruta para este nuevo ciclo.Se definieron los [&hellip;]<\/p>\n","protected":false},"author":8,"featured_media":10137,"comment_status":"closed","ping_status":"closed","sticky":false,"template":"","format":"standard","meta":{"_acf_changed":false,"inline_featured_image":false,"footnotes":""},"categories":[95],"tags":[],"class_list":["post-10135","post","type-post","status-publish","format-standard","has-post-thumbnail","hentry","category-noticias-es"],"acf":[],"_links":{"self":[{"href":"https:\/\/ines.es\/es\/wp-json\/wp\/v2\/posts\/10135","targetHints":{"allow":["GET"]}}],"collection":[{"href":"https:\/\/ines.es\/es\/wp-json\/wp\/v2\/posts"}],"about":[{"href":"https:\/\/ines.es\/es\/wp-json\/wp\/v2\/types\/post"}],"author":[{"embeddable":true,"href":"https:\/\/ines.es\/es\/wp-json\/wp\/v2\/users\/8"}],"replies":[{"embeddable":true,"href":"https:\/\/ines.es\/es\/wp-json\/wp\/v2\/comments?post=10135"}],"version-history":[{"count":1,"href":"https:\/\/ines.es\/es\/wp-json\/wp\/v2\/posts\/10135\/revisions"}],"predecessor-version":[{"id":10187,"href":"https:\/\/ines.es\/es\/wp-json\/wp\/v2\/posts\/10135\/revisions\/10187"}],"wp:featuredmedia":[{"embeddable":true,"href":"https:\/\/ines.es\/es\/wp-json\/wp\/v2\/media\/10137"}],"wp:attachment":[{"href":"https:\/\/ines.es\/es\/wp-json\/wp\/v2\/media?parent=10135"}],"wp:term":[{"taxonomy":"category","embeddable":true,"href":"https:\/\/ines.es\/es\/wp-json\/wp\/v2\/categories?post=10135"},{"taxonomy":"post_tag","embeddable":true,"href":"https:\/\/ines.es\/es\/wp-json\/wp\/v2\/tags?post=10135"}],"curies":[{"name":"wp","href":"https:\/\/api.w.org\/{rel}","templated":true}]}}